{"id":5397,"date":"2020-12-04T18:19:54","date_gmt":"2020-12-04T17:19:54","guid":{"rendered":"http:\/\/osobdravinji.splet.arnes.si\/?p=5397"},"modified":"2020-12-04T18:19:55","modified_gmt":"2020-12-04T17:19:55","slug":"potek-viz-dela-v-tednu-od-7-12-2020-podaljsanje-ukrepov-in-izobrazevanja-na-daljavo","status":"publish","type":"post","link":"https:\/\/osobdravinji.splet.arnes.si\/?p=5397","title":{"rendered":"POTEK VIZ DELA V TEDNU OD 7. 12. 2020 \u2013 PODALJ\u0160ANJE UKREPOV IN IZOBRA\u017dEVANJA NA DALJAVO"},"content":{"rendered":"\n<p class=\"has-text-color has-text-align-center has-vivid-cyan-blue-color\"><strong>Sneg pobelil je dolino,<\/strong><strong><\/strong><\/p>\n\n\n\n<p class=\"has-text-color has-text-align-center has-vivid-cyan-blue-color\"><strong>kar je znak za pravo zimo,<\/strong><strong><\/strong><\/p>\n\n\n\n<p class=\"has-text-color has-text-align-center has-vivid-cyan-blue-color\"><strong>spet bodo prazniki pri\u0161li,<\/strong><strong><\/strong><\/p>\n\n\n\n<p class=\"has-text-color has-text-align-center has-vivid-cyan-blue-color\"><strong>dajmo \u017ee na stran skrbi.<\/strong><strong><\/strong><\/p>\n\n\n\n<p class=\"has-text-color has-text-align-center has-vivid-cyan-blue-color\"><strong>(Jona Hlastec, 9. a)<\/strong><\/p>\n\n\n\n<p class=\"has-text-color has-vivid-red-color\"><strong>Drage u\u010denke, dragi u\u010denci, spo\u0161tovani star\u0161i.<\/strong><\/p>\n\n\n\n<p class=\"has-text-color has-vivid-red-color\"><strong>Vlada je z v\u010deraj\u0161njim podalj\u0161anjem vseh ukrepov odlo\u010dila, da se tudi v naslednjem tednu, od 7. decembra 2020 dalje, <em>za vse u\u010dence in u\u010denke osnovne \u0161ole nadaljuje izobra\u017eevanje na daljavo.<\/em><\/strong><\/p>\n\n\n\n<p class=\"has-text-color has-vivid-green-cyan-color\"><strong>\u017delimo vam, da skupaj prebrodimo ta \u010das, ki nam ne dovoljuje na\u0161e skupno dru\u017eenje v \u0161olskih prostorih.<\/strong><\/p>\n\n\n\n<p class=\"has-text-color has-vivid-green-cyan-color\"><strong>&nbsp;Smo pa skupaj v na\u0161em spletnem u\u010dnem okolju; in verjamem, da se trudite po svojih najbolj\u0161ih mo\u010deh in da si znate razporediti \u010das tako za \u0161olo, kot tudi za ostale prosto\u010dasne aktivnosti.<\/strong><\/p>\n\n\n\n<p class=\"has-text-color has-vivid-green-cyan-color\"><strong>Pazite nase, u\u017eivajte v naravi, ki si je nadela belo obleko in pri\u010darajte si prazni\u010dno vzdu\u0161je v svojih domovih; nari\u0161ite risbico, izdelajte ven\u010dek, naredite okraske, \u2026 in svet bo takoj bolj pisan in prijazen.<\/strong><\/p>\n\n\n\n<p class=\"has-text-color has-vivid-green-cyan-color\"><strong>PREDVSEM PA PAZITE NASE IN NA SVOJE! MISLIMO NA VAS!<\/strong><\/p>\n\n\n\n<p class=\"has-text-align-right\">Ravnateljica Nevenka Brdnik<\/p>\n\n\n\n<p>Priloga:<\/p>\n\n\n\n<div class=\"wp-block-file\"><a href=\"https:\/\/osobdravinji.splet.arnes.si\/files\/2020\/12\/11516_Okroz\u030cnica_podaljs\u030canje_ukrepov_3_dec_2020.pdf\">Okro\u017enica &#8211; podalj\u0161anje ukrepov<\/a><a href=\"https:\/\/osobdravinji.splet.arnes.si\/files\/2020\/12\/11516_Okroz\u030cnica_podaljs\u030canje_ukrepov_3_dec_2020.pdf\" class=\"wp-block-file__button\" download>Download<\/a><\/div>\n\n\n\n<figure class=\"wp-block-image size-large\"><img loading=\"lazy\" decoding=\"async\" width=\"494\" height=\"678\" src=\"https:\/\/osobdravinji.splet.arnes.si\/files\/2020\/12\/Screenshot-2020-12-04-at-18.19.40.png\" alt=\"\" class=\"wp-image-5401\" srcset=\"https:\/\/osobdravinji.splet.arnes.si\/files\/2020\/12\/Screenshot-2020-12-04-at-18.19.40.png 494w, https:\/\/osobdravinji.splet.arnes.si\/files\/2020\/12\/Screenshot-2020-12-04-at-18.19.40-219x300.png 219w\" sizes=\"auto, (max-width: 494px) 100vw, 494px\" \/><\/figure>\n","protected":false},"excerpt":{"rendered":"<p>Sneg pobelil je dolino, kar je znak za pravo zimo, spet bodo prazniki pri\u0161li, dajmo \u017ee na stran skrbi. (Jona Hlastec, 9. a) Drage u\u010denke, dragi u\u010denci, spo\u0161tovani star\u0161i. Vlada je z v\u010deraj\u0161njim podalj\u0161anjem vseh ukrepov odlo\u010dila, da se tudi v naslednjem tednu, od 7. decembra 2020 dalje, za vse u\u010dence in u\u010denke osnovne \u0161ole nadaljuje izobra\u017eevanje na daljavo. \u017delimo vam, da skupaj prebrodimo ta \u010das, ki nam ne dovoljuje na\u0161e skupno dru\u017eenje v \u0161olskih prostorih. &nbsp;Smo pa skupaj v na\u0161em spletnem u\u010dnem okolju; in verjamem, da se trudite po svojih najbolj\u0161ih mo\u010deh in da si znate razporediti \u010das tako [&hellip;]<\/p>\n","protected":false},"author":35617,"featured_media":0,"comment_status":"closed","ping_status":"closed","sticky":false,"template":"","format":"standard","meta":{"footnotes":""},"categories":[1],"tags":[],"class_list":["post-5397","post","type-post","status-publish","format-standard","hentry","category-novice"],"_links":{"self":[{"href":"https:\/\/osobdravinji.splet.arnes.si\/index.php?rest_route=\/wp\/v2\/posts\/5397","targetHints":{"allow":["GET"]}}],"collection":[{"href":"https:\/\/osobdravinji.splet.arnes.si\/index.php?rest_route=\/wp\/v2\/posts"}],"about":[{"href":"https:\/\/osobdravinji.splet.arnes.si\/index.php?rest_route=\/wp\/v2\/types\/post"}],"author":[{"embeddable":true,"href":"https:\/\/osobdravinji.splet.arnes.si\/index.php?rest_route=\/wp\/v2\/users\/35617"}],"replies":[{"embeddable":true,"href":"https:\/\/osobdravinji.splet.arnes.si\/index.php?rest_route=%2Fwp%2Fv2%2Fcomments&post=5397"}],"version-history":[{"count":1,"href":"https:\/\/osobdravinji.splet.arnes.si\/index.php?rest_route=\/wp\/v2\/posts\/5397\/revisions"}],"predecessor-version":[{"id":5403,"href":"https:\/\/osobdravinji.splet.arnes.si\/index.php?rest_route=\/wp\/v2\/posts\/5397\/revisions\/5403"}],"wp:attachment":[{"href":"https:\/\/osobdravinji.splet.arnes.si\/index.php?rest_route=%2Fwp%2Fv2%2Fmedia&parent=5397"}],"wp:term":[{"taxonomy":"category","embeddable":true,"href":"https:\/\/osobdravinji.splet.arnes.si\/index.php?rest_route=%2Fwp%2Fv2%2Fcategories&post=5397"},{"taxonomy":"post_tag","embeddable":true,"href":"https:\/\/osobdravinji.splet.arnes.si\/index.php?rest_route=%2Fwp%2Fv2%2Ftags&post=5397"}],"curies":[{"name":"wp","href":"https:\/\/api.w.org\/{rel}","templated":true}]}}