{"id":5357,"date":"2020-11-27T14:01:04","date_gmt":"2020-11-27T13:01:04","guid":{"rendered":"http:\/\/osobdravinji.splet.arnes.si\/?p=5357"},"modified":"2020-11-27T14:25:01","modified_gmt":"2020-11-27T13:25:01","slug":"anketa-o-poteku-viz-dela-na-daljavo","status":"publish","type":"post","link":"https:\/\/osobdravinji.splet.arnes.si\/?p=5357","title":{"rendered":"ANKETA O POTEKU VIZ DELA NA DALJAVO"},"content":{"rendered":"\n<p>Spo\u0161tovani star\u0161i.<\/p>\n\n\n\n<p>Spomladanski val epidemije covid-19 je \u017eivljenja vseh nas korenito spremenil. Ljudje smo morali spremeniti svoje navade, sprejeti omejitve in prepovedi, se navaditi na povsem druga\u010den stil \u017eivljenja.<\/p>\n\n\n\n<p>Spremenilo pa se je tudi izobra\u017eevanje in vr\u017eeni smo bili v spletno u\u010dno okolje. Izku\u0161nje prvega vala epidemije smo uporabili pri na\u010drtovanju na\u0161ega dela na daljavo v drugem valu, ki je v polnem razmahu. Res je, da smo se u\u010ditelji v mesecu septembru intenzivno pripravljali na prehod v izobra\u017eevanje na daljavo, krepili digitalne kompetence in z u\u010denci v razredih obnovili ve\u0161\u010dine delovanja v spletnem u\u010dnem okolju. A \u0161e vedno je delo vseh nas zelo zahtevno in vsi skupaj \u2013 u\u010denci, u\u010ditelji in star\u0161i \u2013 se nenehno u\u010dimo.<\/p>\n\n\n\n<p>Sedaj je za nami 3. teden pouka na daljavo v drugem valu epidemije. Zaradi dveh tednov po\u010ditnic je obdobje, ko smo prikraj\u0161ani za pristne in neposredne stike, \u017ee dolgo. U\u010ditelji smo dele\u017eni sprotnega odziva na\u0161ih u\u010dencev pri pouku na daljavo. A \u017eeleli bi sli\u0161ati tudi va\u0161e mnenje.<\/p>\n\n\n\n<p><strong>Zavedamo se, da imajo na\u0161i u\u010denci doma razli\u010dne pogoje za delo, zato nam bo va\u0161e sodelovanje v veliko pomo\u010d pri nadaljnjem na\u010drtovanju VIZ dela.&nbsp;<\/strong><\/p>\n\n\n\n<p>U\u010ditelji v delo vlagamo veliko truda, a brez va\u0161e podpore in pomo\u010di va\u0161im otrokom pouka na daljavo ni mogo\u010de uspe\u0161no izvajati. To cenimo in se vam za sodelovalni odnos zahvaljujemo.<\/p>\n\n\n\n<p>Veseli bomo va\u0161ih povratnih informacij, \u0161e zlasti pa pozitivnih vzpodbud in konstruktivnih predlogov.<\/p>\n\n\n\n<p>HVALA VAM. Ostanite zdravi!<\/p>\n\n\n\n<p class=\"has-text-color has-luminous-vivid-orange-color\">POVEZAVO DO ANKETE BOSTE STAR\u0160I PREJELI NA E-MAIL. <strong>PROSIM, DA ANKETO RE\u0160ITE DO PETKA, 4. 12. 2020.<\/strong><\/p>\n\n\n\n<p class=\"has-text-align-right\">Ravnateljica mag. Nevenka Brdnik<\/p>\n","protected":false},"excerpt":{"rendered":"<p>Spo\u0161tovani star\u0161i. Spomladanski val epidemije covid-19 je \u017eivljenja vseh nas korenito spremenil. Ljudje smo morali spremeniti svoje navade, sprejeti omejitve in prepovedi, se navaditi na povsem druga\u010den stil \u017eivljenja. Spremenilo pa se je tudi izobra\u017eevanje in vr\u017eeni smo bili v spletno u\u010dno okolje. Izku\u0161nje prvega vala epidemije smo uporabili pri na\u010drtovanju na\u0161ega dela na daljavo v drugem valu, ki je v polnem razmahu. Res je, da smo se u\u010ditelji v mesecu septembru intenzivno pripravljali na prehod v izobra\u017eevanje na daljavo, krepili digitalne kompetence in z u\u010denci v razredih obnovili ve\u0161\u010dine delovanja v spletnem u\u010dnem okolju. A \u0161e vedno je delo [&hellip;]<\/p>\n","protected":false},"author":35617,"featured_media":0,"comment_status":"closed","ping_status":"closed","sticky":false,"template":"","format":"standard","meta":{"footnotes":""},"categories":[1],"tags":[],"class_list":["post-5357","post","type-post","status-publish","format-standard","hentry","category-novice"],"_links":{"self":[{"href":"https:\/\/osobdravinji.splet.arnes.si\/index.php?rest_route=\/wp\/v2\/posts\/5357","targetHints":{"allow":["GET"]}}],"collection":[{"href":"https:\/\/osobdravinji.splet.arnes.si\/index.php?rest_route=\/wp\/v2\/posts"}],"about":[{"href":"https:\/\/osobdravinji.splet.arnes.si\/index.php?rest_route=\/wp\/v2\/types\/post"}],"author":[{"embeddable":true,"href":"https:\/\/osobdravinji.splet.arnes.si\/index.php?rest_route=\/wp\/v2\/users\/35617"}],"replies":[{"embeddable":true,"href":"https:\/\/osobdravinji.splet.arnes.si\/index.php?rest_route=%2Fwp%2Fv2%2Fcomments&post=5357"}],"version-history":[{"count":2,"href":"https:\/\/osobdravinji.splet.arnes.si\/index.php?rest_route=\/wp\/v2\/posts\/5357\/revisions"}],"predecessor-version":[{"id":5361,"href":"https:\/\/osobdravinji.splet.arnes.si\/index.php?rest_route=\/wp\/v2\/posts\/5357\/revisions\/5361"}],"wp:attachment":[{"href":"https:\/\/osobdravinji.splet.arnes.si\/index.php?rest_route=%2Fwp%2Fv2%2Fmedia&parent=5357"}],"wp:term":[{"taxonomy":"category","embeddable":true,"href":"https:\/\/osobdravinji.splet.arnes.si\/index.php?rest_route=%2Fwp%2Fv2%2Fcategories&post=5357"},{"taxonomy":"post_tag","embeddable":true,"href":"https:\/\/osobdravinji.splet.arnes.si\/index.php?rest_route=%2Fwp%2Fv2%2Ftags&post=5357"}],"curies":[{"name":"wp","href":"https:\/\/api.w.org\/{rel}","templated":true}]}}