{"id":5219,"date":"2020-11-06T15:41:17","date_gmt":"2020-11-06T14:41:17","guid":{"rendered":"http:\/\/osobdravinji.splet.arnes.si\/?p=5219"},"modified":"2020-11-06T15:41:18","modified_gmt":"2020-11-06T14:41:18","slug":"vzgojno-izobrazevalno-delo-od-9-11-2020-dalje","status":"publish","type":"post","link":"https:\/\/osobdravinji.splet.arnes.si\/?p=5219","title":{"rendered":"VZGOJNO-IZOBRA\u017dEVALNO DELO OD 9. 11. 2020 DALJE"},"content":{"rendered":"\n<p class=\"has-text-color has-text-align-center has-vivid-purple-color\"><strong><em>Znana misel pravi, da je \u017eivljenje tako kot vreme, spremenljivo.<\/em><\/strong> <\/p>\n\n\n\n<p class=\"has-text-color has-text-align-center has-vivid-purple-color\"><em>To v danem \u010dasu \u0161e kako dr\u017ei. Bodimo si v oporo in v pomo\u010d in tudi ti hitro spremenljivi in neprijazni \u010dasi bodo enkrat minili.<\/em><\/p>\n\n\n\n<p><strong>Dragi u\u010denci in u\u010denke, spo\u0161tovani star\u0161i!<\/strong><\/p>\n\n\n\n<p>Danes se, za vas, u\u010denke in u\u010denci, zaklju\u010dujejo podalj\u0161ane jesenske po\u010ditnice. Verjamem, da ste jih pre\u017eiveli lepo, a hkrati sr\u010dno upam, da ste v tem podalj\u0161anem tednu po\u010ditnic vendarle pomislili tudi na \u0161olo; prebrali kak\u0161no knjigo, prelistali va\u0161e zvezke, pregledali u\u010dne vsebine, skratka, se potrudili, da si \u010dim prej povrnete u\u010dno kondicijo.<\/p>\n\n\n\n<p>Dobra u\u010dna kondicija in va\u0161a pripravljenost za delo bosta v tednu, ki prihaja, \u0161e kako pomembna.<\/p>\n\n\n\n<p class=\"has-text-color has-background has-vivid-red-color has-light-green-cyan-background-color\"><strong>Zaradi slabe epidemiolo\u0161ke slike v dr\u017eavi se namre\u010d v ponedeljek<u>, 9. novembra 2020 ne vra\u010damo v \u0161olo, ampak vsi pri\u010denjamo s poukom na daljavo, od doma.<\/u><\/strong><\/p>\n\n\n\n<p>Res je, da smo se na pouk na daljavo v tem \u0161olskem letu pripravljali, da nam bo la\u017eje, kot je bilo v spomladanskem \u010dasu.<\/p>\n\n\n\n<p>Res pa je tudi, da \u0161olanje na daljavo ni enako \u0161olskemu delu v \u0161oli, v direktnem stiku z va\u0161imi u\u010ditelji.<\/p>\n\n\n\n<p>U\u010denci in u\u010denke dobro veste, da je pri&nbsp; pouku na daljavo potrebne ve\u010d energije, predvsem pa dobre organizacije va\u0161ega dela in samodiscipline. U\u010denci razredne stopnje pa vsekakor potrebujete obilo pomo\u010di in podpore va\u0161ih star\u0161ev.<\/p>\n\n\n\n<p>Sledi nekaj pomembnih informacij in napotkov za VIZ delo v prihodnje.<\/p>\n\n\n\n<p class=\"has-text-color has-background has-vivid-cyan-blue-color has-luminous-vivid-amber-background-color\"><strong>1. POTEK POUKA NA DALJAVO od 9. 11. 2020<\/strong><\/p>\n\n\n\n<p class=\"has-text-color has-vivid-cyan-blue-color\"><strong>Pouk bo za vse u\u010dence \u0161ole potekal po enotnem komunikacijskem kanalu:<\/strong><\/p>\n\n\n\n<p class=\"has-text-color has-vivid-cyan-blue-color\"><strong>&#8211; preko Arnesovih spletnih u\u010dilnic<\/strong><\/p>\n\n\n\n<p class=\"has-text-color has-vivid-cyan-blue-color\"><strong>&#8211; v \u017eivo preko videokonferen\u010dnega sistema Zoom.<\/strong><\/p>\n\n\n\n<p class=\"has-text-color has-background has-vivid-cyan-blue-color has-luminous-vivid-amber-background-color\"><strong>2. VSTOP V I-U\u010cILNICO O\u0160 OB DRAVINJI<\/strong><\/p>\n\n\n\n<p class=\"has-text-color has-vivid-cyan-blue-color\">Do svoje I-u\u010dilnice u\u010denci dostopate preko spletne strani \u0161ole. V spletnih u\u010dilnicah za posamezni razred bodo nalo\u017eene u\u010dne vsebine za posamezni \u0161olski dan po urniku.<\/p>\n\n\n\n<p class=\"has-text-color has-background has-vivid-cyan-blue-color has-luminous-vivid-amber-background-color\"><strong>3. URNIKI VIDEO KONFERENC<\/strong><\/p>\n\n\n\n<p class=\"has-text-color has-vivid-cyan-blue-color\">Na spletni strani \u0161ole je povezava do urnika video konferenc.<\/p>\n\n\n\n<p class=\"has-text-color has-vivid-cyan-blue-color\">U\u010denci dnevno spremljajte urnik svojega razreda.<\/p>\n\n\n\n<p class=\"has-text-color has-background has-vivid-cyan-blue-color has-luminous-vivid-amber-background-color\"><strong>4. BONTON VIDEOKONFERENCE<\/strong><\/p>\n\n\n\n<p class=\"has-text-color has-vivid-cyan-blue-color\">Da bo lahko videokonferenca, ki poteka v \u017eivo, tekla nemoteno, se je potrebno dr\u017eati naslednjih pravil:<\/p>\n\n\n\n<ul class=\"wp-block-list\"><li>Prehranjevanje med konferenco ni dovoljeno.<\/li><li>Pri prijavi v videokonferenco je potrebno vpisati pravo ime in priimek u\u010denca.<\/li><li>Na konferenco se pripravi kot na pouk v \u0161oli (urejenost, obla\u010dila \u2026).<\/li><li>Poskrbi, \u010de je mogo\u010de, da je v okolici \u010dim manj hrupa (izklopi druge naprave v bli\u017eini \u2013 telefon, TV \u2026).<\/li><li>Obvesti druge dru\u017einske \u010dlane, da bo\u0161 imel pouk v obliki konference, da te v tem \u010dasu ne motijo.<\/li><li>\u010ce bo na konferenci prisoten \u0161e kdo od dru\u017einskih \u010dlanov, o tem obvesti u\u010ditelja, ki konferenco vodi.<\/li><li>Pravo\u010dasno, vsaj 10 min pred konferenco, preveri delovanje mikrofona in kamere.<\/li><li>Ob pri\u010detku konference imej izklopljeno kamero in mikrofon. Po navodilih u\u010ditelja, ki vodi konferenco, bo\u0161 morda kasneje lahko oboje vklju\u010dil.<\/li><li>\u010ce \u017eeli\u0161 kaj povedati, to napravi\u0161 tako, da v orodju za pogovor Chat-u zaprosi\u0161 u\u010ditelja za besedo.<\/li><li>Ko \u017eeli\u0161 kaj povedati, po\u010dakaj, da ti u\u010ditelj, da besedo.<\/li><li>\u010ce dokler ne dobi\u0161 besede, imej mikrofon izklopljen.<\/li><li>Vklopi si klepetalnico (chat \u2013 obla\u010dek v spodnji vrstici) in spremljaj, kaj bo tam zapisano.<\/li><li>Med konferenco si ne pi\u0161e\u0161 sporo\u010dil v kak\u0161nem drugem socialnem okolju s svojimi prijatelji ali so\u0161olci.<\/li><li><strong>Snemanje videokonference brez soglasja u\u010ditelja je strogo prepovedano in spada med te\u017eje kr\u0161itve \u0161olskega reda.<\/strong><\/li><\/ul>\n\n\n\n<p class=\"has-text-color has-background has-vivid-cyan-blue-color has-luminous-vivid-amber-background-color\"><strong>5. IZBIRNI PREDMETI, NEOBVEZNI IZBIRNI PREDMETI, DOPOLNILNI, DODATNI POUK<\/strong><\/p>\n\n\n\n<p class=\"has-text-color has-vivid-cyan-blue-color\">Vse zgoraj na\u0161tete VIZ dejavnosti se izvajajo v skladu z urnikom.<\/p>\n\n\n\n<p class=\"has-text-color has-background has-vivid-cyan-blue-color has-luminous-vivid-amber-background-color\"><strong>6. DODATNA STROKOVNA POMO\u010c<\/strong><\/p>\n\n\n\n<p>Poteka v stiku z u\u010ditelji izvajalci DSP.<\/p>\n\n\n\n<p class=\"has-text-color has-vivid-red-color\"><strong>Drage u\u010denke, dragi u\u010denci, spo\u0161tovani star\u0161i.<\/strong><\/p>\n\n\n\n<p class=\"has-text-color has-vivid-red-color\"><strong>Prepri\u010dana sem, da nas je spomladanska izku\u0161nja pouka na daljavo vendarle okrepila in da se v tokratno delo na daljavo podajamo bolj smelo in pogumno.<\/strong><\/p>\n\n\n\n<p class=\"has-text-color has-vivid-red-color\"><strong>Skupaj bomo uspeli.<\/strong><\/p>\n\n\n\n<p class=\"has-text-color has-vivid-red-color\"><strong>Vi, dragi u\u010denci in u\u010denke poskrbite, da boste svoje \u0161olske obveznosti opravljali vsakodnevno sproti. Razporedite si \u0161olsko delo tako, da vam ostane dovolj \u010dasa za gibanje in sprostitvene dejavnosti.<\/strong><\/p>\n\n\n\n<p class=\"has-text-color has-vivid-red-color\"><strong>Vas, spo\u0161tovani star\u0161i pa napro\u0161amo, da bo va\u0161a vloga v smislu podpore u\u010dencem pri vzpostavitvi redne delovne rutine in pri mlaj\u0161ih u\u010dencih v podpori pri delu v spletnih u\u010dilnicah in z IKT orodji.<\/strong><\/p>\n\n\n\n<p class=\"has-text-color has-vivid-red-color\"><strong>\u010ce bomo sodelovali in si pri delu vzajemno pomagali, bomo zagotovo bolj uspe\u0161ni.<\/strong><\/p>\n\n\n\n<p class=\"has-text-color has-vivid-red-color\"><strong>PAZITE NASE IN OSTANITE ZDRAVI! To je v teh \u010dasih najbolj pomembno.<\/strong><\/p>\n\n\n\n<p class=\"has-text-color has-text-align-right has-vivid-cyan-blue-color\">Ravnateljica mag. Nevenka Brdnik<\/p>\n","protected":false},"excerpt":{"rendered":"<p>Znana misel pravi, da je \u017eivljenje tako kot vreme, spremenljivo. To v danem \u010dasu \u0161e kako dr\u017ei. Bodimo si v oporo in v pomo\u010d in tudi ti hitro spremenljivi in neprijazni \u010dasi bodo enkrat minili. Dragi u\u010denci in u\u010denke, spo\u0161tovani star\u0161i! Danes se, za vas, u\u010denke in u\u010denci, zaklju\u010dujejo podalj\u0161ane jesenske po\u010ditnice. Verjamem, da ste jih pre\u017eiveli lepo, a hkrati sr\u010dno upam, da ste v tem podalj\u0161anem tednu po\u010ditnic vendarle pomislili tudi na \u0161olo; prebrali kak\u0161no knjigo, prelistali va\u0161e zvezke, pregledali u\u010dne vsebine, skratka, se potrudili, da si \u010dim prej povrnete u\u010dno kondicijo. Dobra u\u010dna kondicija in va\u0161a pripravljenost za [&hellip;]<\/p>\n","protected":false},"author":35617,"featured_media":0,"comment_status":"closed","ping_status":"closed","sticky":false,"template":"","format":"standard","meta":{"footnotes":""},"categories":[1],"tags":[],"class_list":["post-5219","post","type-post","status-publish","format-standard","hentry","category-novice"],"_links":{"self":[{"href":"https:\/\/osobdravinji.splet.arnes.si\/index.php?rest_route=\/wp\/v2\/posts\/5219","targetHints":{"allow":["GET"]}}],"collection":[{"href":"https:\/\/osobdravinji.splet.arnes.si\/index.php?rest_route=\/wp\/v2\/posts"}],"about":[{"href":"https:\/\/osobdravinji.splet.arnes.si\/index.php?rest_route=\/wp\/v2\/types\/post"}],"author":[{"embeddable":true,"href":"https:\/\/osobdravinji.splet.arnes.si\/index.php?rest_route=\/wp\/v2\/users\/35617"}],"replies":[{"embeddable":true,"href":"https:\/\/osobdravinji.splet.arnes.si\/index.php?rest_route=%2Fwp%2Fv2%2Fcomments&post=5219"}],"version-history":[{"count":1,"href":"https:\/\/osobdravinji.splet.arnes.si\/index.php?rest_route=\/wp\/v2\/posts\/5219\/revisions"}],"predecessor-version":[{"id":5221,"href":"https:\/\/osobdravinji.splet.arnes.si\/index.php?rest_route=\/wp\/v2\/posts\/5219\/revisions\/5221"}],"wp:attachment":[{"href":"https:\/\/osobdravinji.splet.arnes.si\/index.php?rest_route=%2Fwp%2Fv2%2Fmedia&parent=5219"}],"wp:term":[{"taxonomy":"category","embeddable":true,"href":"https:\/\/osobdravinji.splet.arnes.si\/index.php?rest_route=%2Fwp%2Fv2%2Fcategories&post=5219"},{"taxonomy":"post_tag","embeddable":true,"href":"https:\/\/osobdravinji.splet.arnes.si\/index.php?rest_route=%2Fwp%2Fv2%2Ftags&post=5219"}],"curies":[{"name":"wp","href":"https:\/\/api.w.org\/{rel}","templated":true}]}}