{"id":5139,"date":"2020-10-23T11:19:03","date_gmt":"2020-10-23T09:19:03","guid":{"rendered":"http:\/\/osobdravinji.splet.arnes.si\/?p=5139"},"modified":"2020-10-23T11:31:47","modified_gmt":"2020-10-23T09:31:47","slug":"pozdrav-v-jesenske-pocitnice","status":"publish","type":"post","link":"https:\/\/osobdravinji.splet.arnes.si\/?p=5139","title":{"rendered":"POZDRAV V JESENSKE PO\u010cITNICE"},"content":{"rendered":"\n<p class=\"has-text-color has-text-align-center has-luminous-vivid-amber-color\"><strong>Kdo listje prebarva?<\/strong><\/p>\n\n\n\n<p class=\"has-text-color has-text-align-center has-luminous-vivid-amber-color\"><strong>Kje veter prespi?<\/strong><\/p>\n\n\n\n<p class=\"has-text-color has-text-align-center has-luminous-vivid-amber-color\"><strong>Kdo slano napravi?<\/strong><\/p>\n\n\n\n<p class=\"has-text-color has-text-align-center has-luminous-vivid-amber-color\"><strong>Kam megla zbe<\/strong><strong>\u017e<\/strong><strong>i?<\/strong><\/p>\n\n\n\n<p class=\"has-text-color has-text-align-center has-luminous-vivid-amber-color\"><strong>Kdo <\/strong><strong>\u017e<\/strong><strong>ene v goricah klopotec lesen?<\/strong><\/p>\n\n\n\n<p class=\"has-text-color has-text-align-center has-luminous-vivid-amber-color\"><strong>Kaj vse bo na mizo prinesla jesen?<\/strong><strong> \u2026<\/strong> (Feri Lain\u0161\u010dek)<\/p>\n\n\n\n<p class=\"has-background has-luminous-vivid-orange-background-color\"><strong>Drage u\u010denke, dragi u\u010denci, spo\u0161tovani star\u0161i.<\/strong> <strong>Naj vam jesen prinese obilo jesenskih dobrot, veliko skupnega \u010dasa za dru\u017eenje, lepe in pisane jesenske sprehode, veliko dobre volje in predvsem veliko zdravja.<\/strong><\/p>\n\n\n\n<p class=\"has-background has-light-green-cyan-background-color\"><strong>\u010ce bodo v poteku vzgojno-izobra\u017eevalnega dela na \u0161oli po jesenskih po\u010ditnicah v veljavo stopile kakr\u0161nekoli spremembe, vas bomo o tem obvestili pred iztekom po\u010ditnic.<\/strong> <strong>Obvestila bodo objavljena na spletni strani \u0161ole.<\/strong><\/p>\n\n\n\n<p class=\"has-text-color has-vivid-cyan-blue-color\"><strong>LEPE IN VARNE JESENSKE PO\u010cITNICE TER UMIRJENE PRAZNIKE VAM \u017dELIM.<\/strong><\/p>\n\n\n\n<p class=\"has-text-align-right\">Ravnateljica Nevenka Brdnik<\/p>\n\n\n\n<figure class=\"wp-block-image size-large\"><img loading=\"lazy\" decoding=\"async\" width=\"1024\" height=\"722\" src=\"https:\/\/osobdravinji.splet.arnes.si\/files\/2020\/10\/IMG_0704-1024x722.jpg\" alt=\"\" class=\"wp-image-5141\" srcset=\"https:\/\/osobdravinji.splet.arnes.si\/files\/2020\/10\/IMG_0704-1024x722.jpg 1024w, https:\/\/osobdravinji.splet.arnes.si\/files\/2020\/10\/IMG_0704-300x212.jpg 300w, https:\/\/osobdravinji.splet.arnes.si\/files\/2020\/10\/IMG_0704-768x542.jpg 768w, https:\/\/osobdravinji.splet.arnes.si\/files\/2020\/10\/IMG_0704-1536x1083.jpg 1536w, https:\/\/osobdravinji.splet.arnes.si\/files\/2020\/10\/IMG_0704-2048x1444.jpg 2048w, https:\/\/osobdravinji.splet.arnes.si\/files\/2020\/10\/IMG_0704-947x668.jpg 947w, https:\/\/osobdravinji.splet.arnes.si\/files\/2020\/10\/IMG_0704-624x440.jpg 624w\" sizes=\"auto, (max-width: 1024px) 100vw, 1024px\" \/><\/figure>\n\n\n\n<p class=\"has-text-color has-small-font-size has-luminous-vivid-orange-color\">Leni Modic, 4.b<\/p>\n","protected":false},"excerpt":{"rendered":"<p>Kdo listje prebarva? Kje veter prespi? Kdo slano napravi? Kam megla zbe\u017ei? Kdo \u017eene v goricah klopotec lesen? Kaj vse bo na mizo prinesla jesen? \u2026 (Feri Lain\u0161\u010dek) Drage u\u010denke, dragi u\u010denci, spo\u0161tovani star\u0161i. Naj vam jesen prinese obilo jesenskih dobrot, veliko skupnega \u010dasa za dru\u017eenje, lepe in pisane jesenske sprehode, veliko dobre volje in predvsem veliko zdravja. \u010ce bodo v poteku vzgojno-izobra\u017eevalnega dela na \u0161oli po jesenskih po\u010ditnicah v veljavo stopile kakr\u0161nekoli spremembe, vas bomo o tem obvestili pred iztekom po\u010ditnic. Obvestila bodo objavljena na spletni strani \u0161ole. LEPE IN VARNE JESENSKE PO\u010cITNICE TER UMIRJENE PRAZNIKE VAM \u017dELIM. Ravnateljica [&hellip;]<\/p>\n","protected":false},"author":35617,"featured_media":0,"comment_status":"closed","ping_status":"closed","sticky":false,"template":"","format":"standard","meta":{"footnotes":""},"categories":[1],"tags":[],"class_list":["post-5139","post","type-post","status-publish","format-standard","hentry","category-novice"],"_links":{"self":[{"href":"https:\/\/osobdravinji.splet.arnes.si\/index.php?rest_route=\/wp\/v2\/posts\/5139","targetHints":{"allow":["GET"]}}],"collection":[{"href":"https:\/\/osobdravinji.splet.arnes.si\/index.php?rest_route=\/wp\/v2\/posts"}],"about":[{"href":"https:\/\/osobdravinji.splet.arnes.si\/index.php?rest_route=\/wp\/v2\/types\/post"}],"author":[{"embeddable":true,"href":"https:\/\/osobdravinji.splet.arnes.si\/index.php?rest_route=\/wp\/v2\/users\/35617"}],"replies":[{"embeddable":true,"href":"https:\/\/osobdravinji.splet.arnes.si\/index.php?rest_route=%2Fwp%2Fv2%2Fcomments&post=5139"}],"version-history":[{"count":2,"href":"https:\/\/osobdravinji.splet.arnes.si\/index.php?rest_route=\/wp\/v2\/posts\/5139\/revisions"}],"predecessor-version":[{"id":5145,"href":"https:\/\/osobdravinji.splet.arnes.si\/index.php?rest_route=\/wp\/v2\/posts\/5139\/revisions\/5145"}],"wp:attachment":[{"href":"https:\/\/osobdravinji.splet.arnes.si\/index.php?rest_route=%2Fwp%2Fv2%2Fmedia&parent=5139"}],"wp:term":[{"taxonomy":"category","embeddable":true,"href":"https:\/\/osobdravinji.splet.arnes.si\/index.php?rest_route=%2Fwp%2Fv2%2Fcategories&post=5139"},{"taxonomy":"post_tag","embeddable":true,"href":"https:\/\/osobdravinji.splet.arnes.si\/index.php?rest_route=%2Fwp%2Fv2%2Ftags&post=5139"}],"curies":[{"name":"wp","href":"https:\/\/api.w.org\/{rel}","templated":true}]}}