{"id":4739,"date":"2020-08-31T13:50:54","date_gmt":"2020-08-31T11:50:54","guid":{"rendered":"http:\/\/osobdravinji.splet.arnes.si\/?p=4739"},"modified":"2020-08-31T18:37:56","modified_gmt":"2020-08-31T16:37:56","slug":"pomembno-obvestilo-za-ucence-in-starse-v-2020-21","status":"publish","type":"post","link":"https:\/\/osobdravinji.splet.arnes.si\/?p=4739","title":{"rendered":"POMEMBNO OBVESTILO ZA U\u010cENCE IN STAR\u0160E v 2020\/21"},"content":{"rendered":"\n<p class=\"has-text-color has-pale-pink-color\"><strong><em>\u00bbVstopimo v novo \u0161olsko leto pogumno in smelo,<\/em><\/strong><\/p>\n\n\n\n<p class=\"has-text-color has-pale-pink-color\"><strong><em>\u010daka nas zahtevno, a prijetno delo.<\/em><\/strong><\/p>\n\n\n\n<p class=\"has-text-color has-pale-pink-color\"><strong><em>Skupaj bomo v \u0161olskem prostoru drug za drugega skrbeli,<\/em><\/strong><\/p>\n\n\n\n<p class=\"has-text-color has-pale-pink-color\"><strong><em>preventivnim ukrepom navkljub se bomo lepo imeli.\u00ab<\/em><\/strong><\/p>\n\n\n\n<p><\/p>\n\n\n\n<p class=\"has-text-color has-vivid-cyan-blue-color\"><strong>Drage u\u010denke, dragi u\u010denci, spo\u0161tovani star\u0161i.<\/strong><\/p>\n\n\n\n<p class=\"has-text-color has-vivid-cyan-blue-color\"><strong>Jutri, v torek, 1. septembra, se pri\u010dne \u0161olsko leto 2020\/21.<\/strong><\/p>\n\n\n\n<p class=\"has-text-color has-vivid-cyan-blue-color\"><strong>VIZ delo bo potekalo V \u0160OLI, v skladu z modelom B-O\u0160. Le-ta zapoveduje upo\u0161tevanje omejitev in higienskih ukrepov.<\/strong><\/p>\n\n\n\n<p class=\"has-text-color has-vivid-cyan-blue-color\"><strong>Informacije o poteku 1. \u0161olskega dne \u017ee imate na spletu.<\/strong><\/p>\n\n\n\n<p class=\"has-text-color has-background has-vivid-cyan-blue-color has-luminous-vivid-amber-background-color\"><strong>ORGANIZACIJA VZGOJNO-IZOBRA\u017dEVALNEGA DELA NA \u0160OLI IN PREDVIDENI UKREPI ZA PREPRE\u010cEVANJE \u0160IRJENJA OKU\u017dB &nbsp;pa so podrobno opisani v dokumentu <u>v dana\u0161nji prilogi.<\/u><\/strong> <strong>Pozorno ga preberite, saj je za zagotavljanje varnega \u0161olskega okolja potrebno na\u0161e skupno sodelovanje in podpora.<\/strong><\/p>\n\n\n\n<p class=\"has-text-color has-vivid-red-color\"><strong>POMEMBNO OBVESTILO!<\/strong><\/p>\n\n\n\n<p class=\"has-text-color has-background has-vivid-red-color has-luminous-vivid-amber-background-color\"><strong>NIJZ je v petek, 28. 8. 2020, objavil NOVA priporo\u010dila za uporabo mask v \u010dasu \u0161irjenja oku\u017ebe s SARS-CoV-2.<\/strong> <strong>Priporo\u010dilo opredeljuje, da je ZA OTROKE OD 6. LETA STAROSTI DALJE v \u0161olah priporo\u010deno no\u0161enje mask v prostorih izven u\u010dilnice. Priporo\u010dilo velja za obdobje od 1. 9. 2020 do 6. 9. 2020.<\/strong><\/p>\n\n\n\n<p class=\"has-text-color has-vivid-cyan-blue-color\"><strong>Spo\u0161tovani star\u0161i!<\/strong><\/p>\n\n\n\n<p class=\"has-text-color has-vivid-cyan-blue-color\"><strong>V skladu z novim priporo\u010dilom NIJZ so torej za vse u\u010dence <u>od 1. do 9. razreda v skupnih prostorih \u0161ole priporo\u010dene maske v prvem tednu pouka<\/u>. V mati\u010dni u\u010dilnici u\u010denci mask ne nosijo.<\/strong><\/p>\n\n\n\n<p class=\"has-text-color has-vivid-cyan-blue-color\"><strong>Verjamemo, da boste star\u0161i priporo\u010dilo o uporabi mask sprejeli z razumevanjem.<\/strong><\/p>\n\n\n\n<p class=\"has-text-color has-vivid-cyan-blue-color\"><strong>V primeru kakr\u0161nih koli specifik v zvezi z uporabo mask (alergije), se bomo s star\u0161i individualno pogovorili in skupaj na\u0161li tvorno re\u0161itev, usmerjeno v dobrobit otrok.<\/strong><\/p>\n\n\n\n<p class=\"has-text-color has-background has-vivid-cyan-blue-color has-luminous-vivid-amber-background-color\"><strong>MIZ\u0160 je ob za\u010detku \u0161ol. leta pripravilo obvestilo star\u0161em (je v prilogi prej\u0161nje objave), ki ga bodo u\u010denci jutri prinesli domov. Podpisane izjave MIZ\u0160 ne predvideva.<\/strong><\/p>\n\n\n\n<p><strong>Hvala vam za sodelovalni odnos in pomo\u010d \u017ee vnaprej.<\/strong><\/p>\n\n\n\n<p><strong>OSTANIMO ZDRAVI!<\/strong><\/p>\n\n\n\n<p class=\"has-text-align-right\">Ravnateljica mag. Nevenka Brdnik<\/p>\n\n\n\n<p><\/p>\n\n\n\n<p><strong>PRILOGA: <\/strong><\/p>\n\n\n\n<div class=\"wp-block-file\"><a href=\"https:\/\/osobdravinji.splet.arnes.si\/files\/2020\/08\/ORGANIZACIJA-DELA-V-2020-21-predvideni-Covid-19-ukrepi-1.pdf\">ORGANIZACIJA-DELA-V-2020-21-predvideni-Covid-19-ukrepi<\/a><a href=\"https:\/\/osobdravinji.splet.arnes.si\/files\/2020\/08\/ORGANIZACIJA-DELA-V-2020-21-predvideni-Covid-19-ukrepi-1.pdf\" class=\"wp-block-file__button\" download>Download<\/a><\/div>\n\n\n\n<p><\/p>\n","protected":false},"excerpt":{"rendered":"<p>\u00bbVstopimo v novo \u0161olsko leto pogumno in smelo, \u010daka nas zahtevno, a prijetno delo. Skupaj bomo v \u0161olskem prostoru drug za drugega skrbeli, preventivnim ukrepom navkljub se bomo lepo imeli.\u00ab Drage u\u010denke, dragi u\u010denci, spo\u0161tovani star\u0161i. Jutri, v torek, 1. septembra, se pri\u010dne \u0161olsko leto 2020\/21. VIZ delo bo potekalo V \u0160OLI, v skladu z modelom B-O\u0160. Le-ta zapoveduje upo\u0161tevanje omejitev in higienskih ukrepov. Informacije o poteku 1. \u0161olskega dne \u017ee imate na spletu. ORGANIZACIJA VZGOJNO-IZOBRA\u017dEVALNEGA DELA NA \u0160OLI IN PREDVIDENI UKREPI ZA PREPRE\u010cEVANJE \u0160IRJENJA OKU\u017dB &nbsp;pa so podrobno opisani v dokumentu v dana\u0161nji prilogi. Pozorno ga preberite, saj je [&hellip;]<\/p>\n","protected":false},"author":35617,"featured_media":0,"comment_status":"closed","ping_status":"closed","sticky":false,"template":"","format":"standard","meta":{"footnotes":""},"categories":[1],"tags":[],"class_list":["post-4739","post","type-post","status-publish","format-standard","hentry","category-novice"],"_links":{"self":[{"href":"https:\/\/osobdravinji.splet.arnes.si\/index.php?rest_route=\/wp\/v2\/posts\/4739","targetHints":{"allow":["GET"]}}],"collection":[{"href":"https:\/\/osobdravinji.splet.arnes.si\/index.php?rest_route=\/wp\/v2\/posts"}],"about":[{"href":"https:\/\/osobdravinji.splet.arnes.si\/index.php?rest_route=\/wp\/v2\/types\/post"}],"author":[{"embeddable":true,"href":"https:\/\/osobdravinji.splet.arnes.si\/index.php?rest_route=\/wp\/v2\/users\/35617"}],"replies":[{"embeddable":true,"href":"https:\/\/osobdravinji.splet.arnes.si\/index.php?rest_route=%2Fwp%2Fv2%2Fcomments&post=4739"}],"version-history":[{"count":2,"href":"https:\/\/osobdravinji.splet.arnes.si\/index.php?rest_route=\/wp\/v2\/posts\/4739\/revisions"}],"predecessor-version":[{"id":4747,"href":"https:\/\/osobdravinji.splet.arnes.si\/index.php?rest_route=\/wp\/v2\/posts\/4739\/revisions\/4747"}],"wp:attachment":[{"href":"https:\/\/osobdravinji.splet.arnes.si\/index.php?rest_route=%2Fwp%2Fv2%2Fmedia&parent=4739"}],"wp:term":[{"taxonomy":"category","embeddable":true,"href":"https:\/\/osobdravinji.splet.arnes.si\/index.php?rest_route=%2Fwp%2Fv2%2Fcategories&post=4739"},{"taxonomy":"post_tag","embeddable":true,"href":"https:\/\/osobdravinji.splet.arnes.si\/index.php?rest_route=%2Fwp%2Fv2%2Ftags&post=4739"}],"curies":[{"name":"wp","href":"https:\/\/api.w.org\/{rel}","templated":true}]}}